{"id":1588,"date":"2025-06-18T23:10:59","date_gmt":"2025-06-18T21:10:59","guid":{"rendered":"http:\/\/lamenara.es\/la-menara\/"},"modified":"2025-09-12T11:42:52","modified_gmt":"2025-09-12T09:42:52","slug":"la-menara","status":"publish","type":"post","link":"https:\/\/www.lamenara.es\/en\/la-menara\/","title":{"rendered":"LA MENARA"},"content":{"rendered":"&#13;\n<p>Today there is no reason why beautiful landscape designs cannot also be sustainable and in harmony with their surroundings. Not inclined to simply repeat the same designs, we approach each project as an individual creative process that begins with the land\u2019s setting, orientation, gradient, drainage and a host of other characteristics that not only enhance the final visual impact but also easy (low-cost) maintenance, enjoyment and environmental credentials. Put differently, we work hard to reflect the essence of the spot and transform it into a uniquely engaging and beautiful place to be.<\/p>&#13;\n&#13;\n<p>\u00a0<\/p>&#13;\n","protected":false},"excerpt":{"rendered":"<p>&#13; Today there is no reason why beautiful landscape designs cannot also be sustainable and in harmony with their surroundings. Not inclined to simply repeat the same designs, we approach each project as an individual creative process that begins with the land\u2019s setting, orientation, gradient, drainage and a host of other characteristics that not only enhance the final visual impact but also easy (low-cost) maintenance, enjoyment and environmental credentials. Put differently, we work hard to reflect the essence of the spot and transform it into a uniquely engaging and beautiful place to be. &#13; &#13; \u00a0 &#13;<\/p>\n","protected":false},"author":3,"featured_media":1502,"comment_status":"open","ping_status":"open","sticky":false,"template":"","format":"standard","meta":{"_acf_changed":false,"footnotes":""},"categories":[1],"tags":[],"class_list":["post-1588","post","type-post","status-publish","format-standard","has-post-thumbnail","hentry","category-sin-categoria"],"acf":{"main_links":[{"external_link":true,"url":"#","text":"BLOG","internal_link":null},{"external_link":false,"url":"","text":"","internal_link":1545},{"external_link":true,"url":"#","text":"2019","internal_link":null}],"main_media":{"is_video":false,"video_SRC":"","poster":"","imgs_SRC":[1502]},"sections":[{"type_section":"gallery","info_position":"right","type_colms":"112","media_1":{"is_video":false,"video_SRC":"","poster":"","imgs_SRC":[1424]},"media_2":{"is_video":false,"video_SRC":"","poster":"","imgs_SRC":[1580]},"media_3":{"is_video":false,"video_SRC":"","poster":"","imgs_SRC":[1582]},"media_4":{"is_video":false,"video_SRC":null,"poster":null,"imgs_SRC":null},"title":"","description":"<!-- wp:paragraph -->\n\nLA MENARA | BORN FROM A LOVE OF NATURE\n\n<!-- \/wp:paragraph --> <!-- wp:paragraph -->\n\nIt was during a visit to Marrakesh in the 1990s that we first discovered the beautiful landscaped gardens of La Menara, whose famous garden pavilion stands reflected in a large basin that also mirrors the snow-capped Atlas Mountains towering in the distance. The way in which this once arid space had been transformed into an idyllic spot where water brought from Atlas mountain sources some 30 kilometres away merges with endless skies, floral beauty and evocative Moorish architecture inspired us. \n\n<!-- \/wp:paragraph --> <!-- wp:paragraph -->\n\nLa Menara is a perfect example of form and function, as its purpose is to provide irrigation for the surrounding farming communities. We were inspired by this harmony with nature, design creativity and balance between practical utility and beautiful design to incorporate the same sensitivity of elements in our own work as landscapers. Creative people need regular inspiration, and La Menara was a memorable example of that, for it inaugurated a new phase in which we explored the simple beauty of minimalism.   \n\n<!-- \/wp:paragraph --> <!-- wp:paragraph -->\n\n<strong>SENSORY GARDENS<\/strong>\n\n<!-- \/wp:paragraph --> <!-- wp:paragraph -->\n\nAs the famous architect Ludwig Mies van der Rohe said: \u201cLess is more.\u201d Simplicity, in the hands of skilled designers, produces a magical array of textures, tones, scents and shadows that we use to great effect in the creation of private gardens, communal landscapes, public parks and also intimate courtyards and water features. These green zones act as an extension of the home\u2019s architectural styling and lifestyle, merging interior and outdoor areas to create a series of distinct but interactive living spaces.  \n\n<!-- \/wp:paragraph --> <!-- wp:paragraph -->\n\nThe Mediterranean garden, using indigenous and regional plant species, is an ideal exponent of this philosophy, again blending the practicality and environmental value of low water usage with mesmerising manicured landscapes drawn not from a riot of colour but a more minimalist beauty, with a strong emphasis on texture. As a company, therefore, our design philosophy is to create gardens that are beautiful to see, but also stimulate the senses and create a feeling of wellbeing. In other words: your own private paradise.  \n\n<!-- \/wp:paragraph -->"},{"type_section":"content","info_position":"left","type_colms":112,"media_1":{"is_video":false,"video_SRC":"","poster":"","imgs_SRC":[1584]},"media_2":{"is_video":false,"video_SRC":null,"poster":null,"imgs_SRC":null},"media_3":{"is_video":false,"video_SRC":null,"poster":null,"imgs_SRC":null},"media_4":{"is_video":false,"video_SRC":null,"poster":null,"imgs_SRC":null},"title":"","description":"<h5><strong>SENSORY GARDENS<\/strong><\/h5>\n\u00a0\n\nIt was during a visit to Marrakesh in the 1990s that we first discovered the beautiful landscaped gardens of La Menara, whose famous garden pavilion stands reflected in a large basin that also mirrors the snow-capped Atlas Mountains towering in the distance. The way in which this once arid space had been transformed into an idyllic spot where water brought from Atlas mountain sources some 30 kilometres away merges with endless skies, floral beauty and evocative Moorish architecture inspired us. \n\nLa Menara is a perfect example of form and function, as its purpose is to provide irrigation for the surrounding farming communities. We were inspired by this harmony with nature, design creativity and balance between practical utility and beautiful design to incorporate the same sensitivity of elements in our own work as landscapers. Creative people need regular inspiration, and La Menara was a memorable example of that, for it inaugurated a new phase in which we explored the simple beauty of minimalism.   \n\nAs the famous architect Ludwig Mies van der Rohe said: \u201cLess is more.\u201d Simplicity, in the hands of skilled designers, produces a magical array of textures, tones, scents and shadows that we use to great effect in the creation of private gardens, communal landscapes, public parks and also intimate courtyards and water features. These green zones act as an extension of the home\u2019s architectural styling and lifestyle, merging interior and outdoor areas to create a series of distinct but interactive living spaces.  \n\nThe Mediterranean garden, using indigenous and regional plant species, is an ideal exponent of this philosophy, again blending the practicality and environmental value of low water usage with mesmerising manicured landscapes drawn not from a riot of colour but a more minimalist beauty, with a strong emphasis on texture. As a company, therefore, our design philosophy is to create gardens that are beautiful to see, but also stimulate the senses and create a feeling of wellbeing. In other words: your own private paradise.  "},{"type_section":"content","info_position":"right","type_colms":112,"media_1":{"is_video":false,"video_SRC":"","poster":"","imgs_SRC":[1586]},"media_2":{"is_video":false,"video_SRC":null,"poster":null,"imgs_SRC":null},"media_3":{"is_video":false,"video_SRC":null,"poster":null,"imgs_SRC":null},"media_4":{"is_video":false,"video_SRC":null,"poster":null,"imgs_SRC":null},"title":"","description":"<h5><strong>TRANSFORMING YOUR ENVIRONMENT<\/strong><\/h5>\n\u00a0\n\n<!-- \/wp:paragraph --> <!-- wp:paragraph -->\n\nImagine murmuring water trickling softly amid a fascination of textures, shades and tones in a setting that replenishes your energy and dances on your olfactory senses. Lighting plays an important role in this process, as today\u2019s outdoor areas come to life not only during the day, but can also be relaxing, family and entertainment zones in the evening. We pride ourselves on being able to transform spaces in this way, creating your vision or designing one that will enthral and engage as it adds value to your home.  \n\n\u00a0\n\n<!-- \/wp:paragraph --> <!-- wp:paragraph -->\n<h3><strong>SUSTAINABLE DESIGN<\/strong><\/h3>\n\u00a0\n\n<!-- \/wp:paragraph --> <!-- wp:paragraph -->\n\nToday there is no reason why beautiful landscape designs cannot also be sustainable and in harmony with their surroundings. Not inclined to simply repeat the same designs, we approach each project as an individual creative process that begins with the land\u2019s setting, orientation, gradient, drainage and a host of other characteristics that not only enhance the final visual impact but also easy (low-cost) maintenance, enjoyment and environmental credentials. Put differently, we work hard to reflect the essence of the spot and transform it into a uniquely engaging and beautiful place to be.\n\n<!-- \/wp:paragraph --> <!-- wp:paragraph -->\n\nAbordamos cada proyecto como un proceso creativo individual que comienza con el estudio del entorno y del terreno, seguido de una fase de inspiraci\u00f3n, y finalmente la representaci\u00f3n de un dise\u00f1o que refleje la esencia del lugar, transform\u00e1ndolo en un espacio \u00fanico y de disfrute.\n\n<!-- \/wp:paragraph --> <!-- wp:paragraph -->\n\nPara m\u00e1s informaci\u00f3n y otros ejemplos de nuestro trabajo visita <strong><a href=\"http:\/\/www.lamenara.es\/\">nuestra web.<\/a><\/strong>"}]},"yoast_head":"<!-- This site is optimized with the Yoast SEO plugin v26.7 - https:\/\/yoast.com\/wordpress\/plugins\/seo\/ -->\n<title>La Menara | Sensory Gardens<\/title>\n<meta name=\"description\" content=\"Today there is no reason why beautiful landscape designs cannot also be sustainable and in harmony with their surroundings. Not inclined to simply repeat the same designs, we approach each project as an individual creative process that begins with the land\u2019s setting, orientation, gradient, drainage and a host of other characteristics that not only enhance the final visual impact but also easy (low-cost) maintenance, enjoyment and environmental credentials. Put differently, we work hard to reflect the essence of the spot and transform it into a uniquely engaging and beautiful place to be.\" \/>\n<meta name=\"robots\" content=\"index, follow, max-snippet:-1, max-image-preview:large, max-video-preview:-1\" \/>\n<link rel=\"canonical\" href=\"https:\/\/www.lamenara.es\/en\/la-menara\/\" \/>\n<meta property=\"og:locale\" content=\"en_US\" \/>\n<meta property=\"og:type\" content=\"website\" \/>\n<meta property=\"og:title\" content=\"La Menara | Sensory Gardens\" \/>\n<meta property=\"og:description\" content=\"Today there is no reason why beautiful landscape designs cannot also be sustainable and in harmony with their surroundings. Not inclined to simply repeat the same designs, we approach each project as an individual creative process that begins with the land\u2019s setting, orientation, gradient, drainage and a host of other characteristics that not only enhance the final visual impact but also easy (low-cost) maintenance, enjoyment and environmental credentials. Put differently, we work hard to reflect the essence of the spot and transform it into a uniquely engaging and beautiful place to be.\" \/>\n<meta property=\"og:url\" content=\"https:\/\/www.lamenara.es\/en\/la-menara\/\" \/>\n<meta property=\"og:site_name\" content=\"LAMENARA\" \/>\n<meta property=\"article:publisher\" content=\"https:\/\/www.facebook.com\/lamenarastudio\/\" \/>\n<meta property=\"article:published_time\" content=\"2025-06-18T21:10:59+00:00\" \/>\n<meta property=\"article:modified_time\" content=\"2025-09-12T09:42:52+00:00\" \/>\n<meta property=\"og:image\" content=\"https:\/\/www.lamenara.es\/wp-content\/uploads\/2025\/06\/garden-design-marbella-team-scaled.jpg\" \/>\n\t<meta property=\"og:image:width\" content=\"2560\" \/>\n\t<meta property=\"og:image:height\" content=\"1600\" \/>\n\t<meta property=\"og:image:type\" content=\"image\/jpeg\" \/>\n<meta name=\"author\" content=\"Carolina\" \/>\n<meta name=\"twitter:card\" content=\"summary_large_image\" \/>\n<meta name=\"twitter:label1\" content=\"Written by\" \/>\n\t<meta name=\"twitter:data1\" content=\"Carolina\" \/>\n<script type=\"application\/ld+json\" class=\"yoast-schema-graph\">{\"@context\":\"https:\/\/schema.org\",\"@graph\":[{\"@type\":\"Article\",\"@id\":\"https:\/\/www.lamenara.es\/en\/la-menara\/#article\",\"isPartOf\":{\"@id\":\"https:\/\/www.lamenara.es\/en\/la-menara\/\"},\"author\":{\"name\":\"Carolina\",\"@id\":\"https:\/\/www.lamenara.es\/en\/#\/schema\/person\/0c5d5cc2ad1bb25e376f5220adfd427d\"},\"headline\":\"LA MENARA\",\"datePublished\":\"2025-06-18T21:10:59+00:00\",\"dateModified\":\"2025-09-12T09:42:52+00:00\",\"mainEntityOfPage\":{\"@id\":\"https:\/\/www.lamenara.es\/en\/la-menara\/\"},\"wordCount\":95,\"commentCount\":0,\"publisher\":{\"@id\":\"https:\/\/www.lamenara.es\/en\/#organization\"},\"image\":{\"@id\":\"https:\/\/www.lamenara.es\/en\/la-menara\/#primaryimage\"},\"thumbnailUrl\":\"https:\/\/www.lamenara.es\/wp-content\/uploads\/2025\/06\/garden-design-marbella-team-scaled.jpg\",\"articleSection\":[\"Sin categor\u00eda\"],\"inLanguage\":\"en-US\",\"potentialAction\":[{\"@type\":\"CommentAction\",\"name\":\"Comment\",\"target\":[\"https:\/\/www.lamenara.es\/en\/la-menara\/#respond\"]}]},{\"@type\":\"WebPage\",\"@id\":\"https:\/\/www.lamenara.es\/en\/la-menara\/\",\"url\":\"https:\/\/www.lamenara.es\/en\/la-menara\/\",\"name\":\"La Menara | Sensory Gardens\",\"isPartOf\":{\"@id\":\"https:\/\/www.lamenara.es\/en\/#website\"},\"primaryImageOfPage\":{\"@id\":\"https:\/\/www.lamenara.es\/en\/la-menara\/#primaryimage\"},\"image\":{\"@id\":\"https:\/\/www.lamenara.es\/en\/la-menara\/#primaryimage\"},\"thumbnailUrl\":\"https:\/\/www.lamenara.es\/wp-content\/uploads\/2025\/06\/garden-design-marbella-team-scaled.jpg\",\"datePublished\":\"2025-06-18T21:10:59+00:00\",\"dateModified\":\"2025-09-12T09:42:52+00:00\",\"description\":\"Today there is no reason why beautiful landscape designs cannot also be sustainable and in harmony with their surroundings. Not inclined to simply repeat the same designs, we approach each project as an individual creative process that begins with the land\u2019s setting, orientation, gradient, drainage and a host of other characteristics that not only enhance the final visual impact but also easy (low-cost) maintenance, enjoyment and environmental credentials. Put differently, we work hard to reflect the essence of the spot and transform it into a uniquely engaging and beautiful place to be.\",\"breadcrumb\":{\"@id\":\"https:\/\/www.lamenara.es\/en\/la-menara\/#breadcrumb\"},\"inLanguage\":\"en-US\",\"potentialAction\":[{\"@type\":\"ReadAction\",\"target\":[\"https:\/\/www.lamenara.es\/en\/la-menara\/\"]}]},{\"@type\":\"ImageObject\",\"inLanguage\":\"en-US\",\"@id\":\"https:\/\/www.lamenara.es\/en\/la-menara\/#primaryimage\",\"url\":\"https:\/\/www.lamenara.es\/wp-content\/uploads\/2025\/06\/garden-design-marbella-team-scaled.jpg\",\"contentUrl\":\"https:\/\/www.lamenara.es\/wp-content\/uploads\/2025\/06\/garden-design-marbella-team-scaled.jpg\",\"width\":2560,\"height\":1600},{\"@type\":\"BreadcrumbList\",\"@id\":\"https:\/\/www.lamenara.es\/en\/la-menara\/#breadcrumb\",\"itemListElement\":[{\"@type\":\"ListItem\",\"position\":1,\"name\":\"Portada\",\"item\":\"https:\/\/www.lamenara.es\/en\/\"},{\"@type\":\"ListItem\",\"position\":2,\"name\":\"LA MENARA\"}]},{\"@type\":\"WebSite\",\"@id\":\"https:\/\/www.lamenara.es\/en\/#website\",\"url\":\"https:\/\/www.lamenara.es\/en\/\",\"name\":\"LAMENARA\",\"description\":\"\",\"publisher\":{\"@id\":\"https:\/\/www.lamenara.es\/en\/#organization\"},\"potentialAction\":[{\"@type\":\"SearchAction\",\"target\":{\"@type\":\"EntryPoint\",\"urlTemplate\":\"https:\/\/www.lamenara.es\/en\/?s={search_term_string}\"},\"query-input\":{\"@type\":\"PropertyValueSpecification\",\"valueRequired\":true,\"valueName\":\"search_term_string\"}}],\"inLanguage\":\"en-US\"},{\"@type\":\"Organization\",\"@id\":\"https:\/\/www.lamenara.es\/en\/#organization\",\"name\":\"LAMENARA\",\"url\":\"https:\/\/www.lamenara.es\/en\/\",\"logo\":{\"@type\":\"ImageObject\",\"inLanguage\":\"en-US\",\"@id\":\"https:\/\/www.lamenara.es\/en\/#\/schema\/logo\/image\/\",\"url\":\"https:\/\/www.lamenara.es\/wp-content\/uploads\/2025\/04\/logo.png\",\"contentUrl\":\"https:\/\/www.lamenara.es\/wp-content\/uploads\/2025\/04\/logo.png\",\"width\":262,\"height\":24,\"caption\":\"LAMENARA\"},\"image\":{\"@id\":\"https:\/\/www.lamenara.es\/en\/#\/schema\/logo\/image\/\"},\"sameAs\":[\"https:\/\/www.facebook.com\/lamenarastudio\/\",\"https:\/\/www.instagram.com\/la_menara_landscape\/\"]},{\"@type\":\"Person\",\"@id\":\"https:\/\/www.lamenara.es\/en\/#\/schema\/person\/0c5d5cc2ad1bb25e376f5220adfd427d\",\"name\":\"Carolina\",\"image\":{\"@type\":\"ImageObject\",\"inLanguage\":\"en-US\",\"@id\":\"https:\/\/www.lamenara.es\/en\/#\/schema\/person\/image\/\",\"url\":\"https:\/\/secure.gravatar.com\/avatar\/4406cc050c4820fbd324abc71f2faab5deb8d15b5f7ded2c96f6595437179544?s=96&d=mm&r=g\",\"contentUrl\":\"https:\/\/secure.gravatar.com\/avatar\/4406cc050c4820fbd324abc71f2faab5deb8d15b5f7ded2c96f6595437179544?s=96&d=mm&r=g\",\"caption\":\"Carolina\"},\"url\":\"https:\/\/www.lamenara.es\/en\/author\/carolina\/\"}]}<\/script>\n<!-- \/ Yoast SEO plugin. -->","yoast_head_json":{"title":"La Menara | Sensory Gardens","description":"Today there is no reason why beautiful landscape designs cannot also be sustainable and in harmony with their surroundings. Not inclined to simply repeat the same designs, we approach each project as an individual creative process that begins with the land\u2019s setting, orientation, gradient, drainage and a host of other characteristics that not only enhance the final visual impact but also easy (low-cost) maintenance, enjoyment and environmental credentials. Put differently, we work hard to reflect the essence of the spot and transform it into a uniquely engaging and beautiful place to be.","robots":{"index":"index","follow":"follow","max-snippet":"max-snippet:-1","max-image-preview":"max-image-preview:large","max-video-preview":"max-video-preview:-1"},"canonical":"https:\/\/www.lamenara.es\/en\/la-menara\/","og_locale":"en_US","og_type":"website","og_title":"La Menara | Sensory Gardens","og_description":"Today there is no reason why beautiful landscape designs cannot also be sustainable and in harmony with their surroundings. Not inclined to simply repeat the same designs, we approach each project as an individual creative process that begins with the land\u2019s setting, orientation, gradient, drainage and a host of other characteristics that not only enhance the final visual impact but also easy (low-cost) maintenance, enjoyment and environmental credentials. Put differently, we work hard to reflect the essence of the spot and transform it into a uniquely engaging and beautiful place to be.","og_url":"https:\/\/www.lamenara.es\/en\/la-menara\/","og_site_name":"LAMENARA","article_publisher":"https:\/\/www.facebook.com\/lamenarastudio\/","article_published_time":"2025-06-18T21:10:59+00:00","article_modified_time":"2025-09-12T09:42:52+00:00","og_image":[{"width":2560,"height":1600,"url":"https:\/\/www.lamenara.es\/wp-content\/uploads\/2025\/06\/garden-design-marbella-team-scaled.jpg","type":"image\/jpeg"}],"author":"Carolina","twitter_card":"summary_large_image","twitter_misc":{"Written by":"Carolina"},"schema":{"@context":"https:\/\/schema.org","@graph":[{"@type":"Article","@id":"https:\/\/www.lamenara.es\/en\/la-menara\/#article","isPartOf":{"@id":"https:\/\/www.lamenara.es\/en\/la-menara\/"},"author":{"name":"Carolina","@id":"https:\/\/www.lamenara.es\/en\/#\/schema\/person\/0c5d5cc2ad1bb25e376f5220adfd427d"},"headline":"LA MENARA","datePublished":"2025-06-18T21:10:59+00:00","dateModified":"2025-09-12T09:42:52+00:00","mainEntityOfPage":{"@id":"https:\/\/www.lamenara.es\/en\/la-menara\/"},"wordCount":95,"commentCount":0,"publisher":{"@id":"https:\/\/www.lamenara.es\/en\/#organization"},"image":{"@id":"https:\/\/www.lamenara.es\/en\/la-menara\/#primaryimage"},"thumbnailUrl":"https:\/\/www.lamenara.es\/wp-content\/uploads\/2025\/06\/garden-design-marbella-team-scaled.jpg","articleSection":["Sin categor\u00eda"],"inLanguage":"en-US","potentialAction":[{"@type":"CommentAction","name":"Comment","target":["https:\/\/www.lamenara.es\/en\/la-menara\/#respond"]}]},{"@type":"WebPage","@id":"https:\/\/www.lamenara.es\/en\/la-menara\/","url":"https:\/\/www.lamenara.es\/en\/la-menara\/","name":"La Menara | Sensory Gardens","isPartOf":{"@id":"https:\/\/www.lamenara.es\/en\/#website"},"primaryImageOfPage":{"@id":"https:\/\/www.lamenara.es\/en\/la-menara\/#primaryimage"},"image":{"@id":"https:\/\/www.lamenara.es\/en\/la-menara\/#primaryimage"},"thumbnailUrl":"https:\/\/www.lamenara.es\/wp-content\/uploads\/2025\/06\/garden-design-marbella-team-scaled.jpg","datePublished":"2025-06-18T21:10:59+00:00","dateModified":"2025-09-12T09:42:52+00:00","description":"Today there is no reason why beautiful landscape designs cannot also be sustainable and in harmony with their surroundings. Not inclined to simply repeat the same designs, we approach each project as an individual creative process that begins with the land\u2019s setting, orientation, gradient, drainage and a host of other characteristics that not only enhance the final visual impact but also easy (low-cost) maintenance, enjoyment and environmental credentials. Put differently, we work hard to reflect the essence of the spot and transform it into a uniquely engaging and beautiful place to be.","breadcrumb":{"@id":"https:\/\/www.lamenara.es\/en\/la-menara\/#breadcrumb"},"inLanguage":"en-US","potentialAction":[{"@type":"ReadAction","target":["https:\/\/www.lamenara.es\/en\/la-menara\/"]}]},{"@type":"ImageObject","inLanguage":"en-US","@id":"https:\/\/www.lamenara.es\/en\/la-menara\/#primaryimage","url":"https:\/\/www.lamenara.es\/wp-content\/uploads\/2025\/06\/garden-design-marbella-team-scaled.jpg","contentUrl":"https:\/\/www.lamenara.es\/wp-content\/uploads\/2025\/06\/garden-design-marbella-team-scaled.jpg","width":2560,"height":1600},{"@type":"BreadcrumbList","@id":"https:\/\/www.lamenara.es\/en\/la-menara\/#breadcrumb","itemListElement":[{"@type":"ListItem","position":1,"name":"Portada","item":"https:\/\/www.lamenara.es\/en\/"},{"@type":"ListItem","position":2,"name":"LA MENARA"}]},{"@type":"WebSite","@id":"https:\/\/www.lamenara.es\/en\/#website","url":"https:\/\/www.lamenara.es\/en\/","name":"LAMENARA","description":"","publisher":{"@id":"https:\/\/www.lamenara.es\/en\/#organization"},"potentialAction":[{"@type":"SearchAction","target":{"@type":"EntryPoint","urlTemplate":"https:\/\/www.lamenara.es\/en\/?s={search_term_string}"},"query-input":{"@type":"PropertyValueSpecification","valueRequired":true,"valueName":"search_term_string"}}],"inLanguage":"en-US"},{"@type":"Organization","@id":"https:\/\/www.lamenara.es\/en\/#organization","name":"LAMENARA","url":"https:\/\/www.lamenara.es\/en\/","logo":{"@type":"ImageObject","inLanguage":"en-US","@id":"https:\/\/www.lamenara.es\/en\/#\/schema\/logo\/image\/","url":"https:\/\/www.lamenara.es\/wp-content\/uploads\/2025\/04\/logo.png","contentUrl":"https:\/\/www.lamenara.es\/wp-content\/uploads\/2025\/04\/logo.png","width":262,"height":24,"caption":"LAMENARA"},"image":{"@id":"https:\/\/www.lamenara.es\/en\/#\/schema\/logo\/image\/"},"sameAs":["https:\/\/www.facebook.com\/lamenarastudio\/","https:\/\/www.instagram.com\/la_menara_landscape\/"]},{"@type":"Person","@id":"https:\/\/www.lamenara.es\/en\/#\/schema\/person\/0c5d5cc2ad1bb25e376f5220adfd427d","name":"Carolina","image":{"@type":"ImageObject","inLanguage":"en-US","@id":"https:\/\/www.lamenara.es\/en\/#\/schema\/person\/image\/","url":"https:\/\/secure.gravatar.com\/avatar\/4406cc050c4820fbd324abc71f2faab5deb8d15b5f7ded2c96f6595437179544?s=96&d=mm&r=g","contentUrl":"https:\/\/secure.gravatar.com\/avatar\/4406cc050c4820fbd324abc71f2faab5deb8d15b5f7ded2c96f6595437179544?s=96&d=mm&r=g","caption":"Carolina"},"url":"https:\/\/www.lamenara.es\/en\/author\/carolina\/"}]}},"_links":{"self":[{"href":"https:\/\/www.lamenara.es\/en\/wp-json\/wp\/v2\/posts\/1588","targetHints":{"allow":["GET"]}}],"collection":[{"href":"https:\/\/www.lamenara.es\/en\/wp-json\/wp\/v2\/posts"}],"about":[{"href":"https:\/\/www.lamenara.es\/en\/wp-json\/wp\/v2\/types\/post"}],"author":[{"embeddable":true,"href":"https:\/\/www.lamenara.es\/en\/wp-json\/wp\/v2\/users\/3"}],"replies":[{"embeddable":true,"href":"https:\/\/www.lamenara.es\/en\/wp-json\/wp\/v2\/comments?post=1588"}],"version-history":[{"count":8,"href":"https:\/\/www.lamenara.es\/en\/wp-json\/wp\/v2\/posts\/1588\/revisions"}],"predecessor-version":[{"id":3323,"href":"https:\/\/www.lamenara.es\/en\/wp-json\/wp\/v2\/posts\/1588\/revisions\/3323"}],"wp:featuredmedia":[{"embeddable":true,"href":"https:\/\/www.lamenara.es\/en\/wp-json\/wp\/v2\/media\/1502"}],"wp:attachment":[{"href":"https:\/\/www.lamenara.es\/en\/wp-json\/wp\/v2\/media?parent=1588"}],"wp:term":[{"taxonomy":"category","embeddable":true,"href":"https:\/\/www.lamenara.es\/en\/wp-json\/wp\/v2\/categories?post=1588"},{"taxonomy":"post_tag","embeddable":true,"href":"https:\/\/www.lamenara.es\/en\/wp-json\/wp\/v2\/tags?post=1588"}],"curies":[{"name":"wp","href":"https:\/\/api.w.org\/{rel}","templated":true}]}}